{"id":4831,"date":"2015-06-12T19:24:04","date_gmt":"2015-06-12T17:24:04","guid":{"rendered":"https:\/\/renaud-reynek.com\/2020\/10\/14\/our-dreams-will-go-by-the-wayside\/"},"modified":"2021-01-31T08:21:33","modified_gmt":"2021-01-31T07:21:33","slug":"our-dreams-will-go-by-the-wayside","status":"publish","type":"post","link":"https:\/\/renaud-reynek.com\/en\/archives-en\/our-dreams-will-go-by-the-wayside\/","title":{"rendered":"Our Dreams Will Go by the Wayside\u2026"},"content":{"rendered":"\t\t<div data-elementor-type=\"wp-post\" data-elementor-id=\"4831\" class=\"elementor elementor-4831 elementor-3613\" data-elementor-post-type=\"post\">\n\t\t\t\t\t\t<section class=\"elementor-section elementor-top-section elementor-element elementor-element-43866b00 elementor-section-boxed elementor-section-height-default elementor-section-height-default\" data-id=\"43866b00\" data-element_type=\"section\" data-e-type=\"section\">\n\t\t\t\t\t\t<div class=\"elementor-container elementor-column-gap-default\">\n\t\t\t\t\t<div class=\"elementor-column elementor-col-100 elementor-top-column elementor-element elementor-element-60d78eb4\" data-id=\"60d78eb4\" data-element_type=\"column\" data-e-type=\"column\">\n\t\t\t<div class=\"elementor-widget-wrap elementor-element-populated\">\n\t\t\t\t\t\t<div class=\"elementor-element elementor-element-115552b0 elementor-widget elementor-widget-text-editor\" data-id=\"115552b0\" data-element_type=\"widget\" data-e-type=\"widget\" data-widget_type=\"text-editor.default\">\n\t\t\t\t<div class=\"elementor-widget-container\">\n\t\t\t\t\t\t\t\t\t<p><strong>Exhibition <\/strong><em><strong>Nos r\u00eaves s\u2019en iront par les chemins\u2026<\/strong><\/em><br \/>\n<strong>Bohuslav Reynek, Suzanne Renaud, engravings and poems<\/strong><br \/>\nBiblioth\u00e8que d\u2019\u00e9tude et du patrimoine, 12 boulevard Mar\u00e9chal-Lyautey \u2013 Grenoble, France<br \/>\nApril 2 to December 2 2015<\/p>\n<p>The City of Grenoble owns a Renaud Reynek collection, unique in France considering its richness and diversity. It started in the early 80\u2019s thanks to Suzanne Renaud and Bohuslav Reynek\u2019s Grenoble friends who successively made donations. It\u2019s essentialy composed of engravings and original drawings by Bohuslav Reynek and autograph letters by Suzanne Renaud. The exhibition <em>Nos r\u00eaves s\u2019en iront par les chemins\u2026<\/em> [Along the trails our dreams will go\u2026], organized by the Grenoble Municipal Library, unveils part of this precious patrimonial as well as works from private collections and from the recently created Renaud Reynek Dotation Fund.<\/p>\n<p>Two rooms are devoted to the exhibition and together with the literary, artistic and political background, one can enjoy, soberly displayed, the continuity of Reynek work as a translator, painter and engraver as well as the poetical work of his spouse covering forty years of their common life as a couple. The exhibition is organized around two periods hinged on 1936 when they left Grenoble. Focus is made on the two artists\u2019s links with Dauphin\u00e9. Visitors will be moved by the silent drawings and engravings, the poems, letters and rare works.<br \/><strong> <\/strong><br \/><strong><span style=\"color: #191970;\">Speech of Mrs Annick Auzimour, 2 april 2015<\/span><\/strong><br \/><a href=\"https:\/\/renaud-reynek.com\/wp-content\/uploads\/2021\/01\/There-are-beings-in-this-world_en.pdf\" target=\"_blank\" rel=\"noopener noreferrer\"><strong><span style=\"color: #191970;\">There are beings in this world<\/strong><\/a><\/p>\n<p>&nbsp;<br \/>\n<strong>Around the exhibition: <\/strong><br \/>\n<strong>Activities: <\/strong>see <a href=\"http:\/\/www.bm-grenoble.fr\" target=\"_blank\" rel=\"noopener noreferrer\">http:\/\/www.bm-grenoble.fr<\/a><br \/>\n<strong>Conference <\/strong>at the Acad\u00e9mie delphinale, on Saturday, October 24, at 2.30 pm at the following address: Archives d\u00e9partementales de l\u2019Is\u00e8re, 2 rue Auguste-Prudhomme, Grenoble, by Annick Auzimour: <em>Le Don Quichotte de Bohuslav Reynek, l\u2019album de Grenoble, 1960<\/em> (with slide show).<\/p>\n<p><img fetchpriority=\"high\" decoding=\"async\" class=\"alignnone size-full wp-image-4146\" src=\"https:\/\/renaud-reynek.com\/wp-content\/uploads\/2015\/06\/EXPO-2015_66-2-web-193x300-1.jpg\" alt=\"\" width=\"193\" height=\"300\" \/><em><br \/>\n<\/em><\/p>\n<p><em>Photo Fr\u00e9d\u00e9ric Virone<\/em><\/p>\n\t\t\t\t\t\t\t\t<\/div>\n\t\t\t\t<\/div>\n\t\t\t\t\t<\/div>\n\t\t<\/div>\n\t\t\t\t\t<\/div>\n\t\t<\/section>\n\t\t\t\t<\/div>\n\t\t","protected":false},"excerpt":{"rendered":"<p>The City of Grenoble owns a Renaud Reynek collection, unique in France considering its richness and diversity. It started in the early 80\u2019s thanks to Suzanne Renaud and Bohuslav Reynek\u2019s Grenoble friends who successively made donations.<\/p>\n","protected":false},"author":1,"featured_media":3677,"comment_status":"open","ping_status":"closed","sticky":false,"template":"","format":"standard","meta":{"_acf_changed":false,"footnotes":""},"categories":[157,144],"tags":[],"class_list":["post-4831","post","type-post","status-publish","format-standard","has-post-thumbnail","hentry","category-archives-en","category-exhibition"],"acf":[],"yoast_head":"<!-- This site is optimized with the Yoast SEO plugin v27.4 - https:\/\/yoast.com\/product\/yoast-seo-wordpress\/ -->\n<title>Our Dreams Will Go by the Wayside\u2026 - Association Romarin<\/title>\n<meta name=\"description\" content=\"Site de l&#039;Association Romarin. D\u00e9couvrez les \u0153uvres du graveur tch\u00e8que Bohuslav Reynek et de Suzanne Renaud, po\u00e8te, son \u00e9pouse grenobloise.\" \/>\n<meta name=\"robots\" content=\"index, follow, max-snippet:-1, max-image-preview:large, max-video-preview:-1\" \/>\n<link rel=\"canonical\" href=\"https:\/\/renaud-reynek.com\/en\/archives-en\/our-dreams-will-go-by-the-wayside\/\" \/>\n<meta property=\"og:locale\" content=\"en_US\" \/>\n<meta property=\"og:type\" content=\"article\" \/>\n<meta property=\"og:title\" content=\"Our Dreams Will Go by the Wayside\u2026 - Association Romarin\" \/>\n<meta property=\"og:description\" content=\"Site de l&#039;Association Romarin. D\u00e9couvrez les \u0153uvres du graveur tch\u00e8que Bohuslav Reynek et de Suzanne Renaud, po\u00e8te, son \u00e9pouse grenobloise.\" \/>\n<meta property=\"og:url\" content=\"https:\/\/renaud-reynek.com\/en\/archives-en\/our-dreams-will-go-by-the-wayside\/\" \/>\n<meta property=\"og:site_name\" content=\"Association Romarin\" \/>\n<meta property=\"article:published_time\" content=\"2015-06-12T17:24:04+00:00\" \/>\n<meta property=\"article:modified_time\" content=\"2021-01-31T07:21:33+00:00\" \/>\n<meta property=\"og:image\" content=\"https:\/\/renaud-reynek.com\/wp-content\/uploads\/2019\/09\/2015-180x180-1.jpg\" \/>\n\t<meta property=\"og:image:width\" content=\"180\" \/>\n\t<meta property=\"og:image:height\" content=\"180\" \/>\n\t<meta property=\"og:image:type\" content=\"image\/jpeg\" \/>\n<meta name=\"author\" content=\"Maxime\" \/>\n<meta name=\"twitter:card\" content=\"summary_large_image\" \/>\n<meta name=\"twitter:label1\" content=\"Written by\" \/>\n\t<meta name=\"twitter:data1\" content=\"Maxime\" \/>\n\t<meta name=\"twitter:label2\" content=\"Est. reading time\" \/>\n\t<meta name=\"twitter:data2\" content=\"1 minute\" \/>\n<script type=\"application\/ld+json\" class=\"yoast-schema-graph\">{\"@context\":\"https:\\\/\\\/schema.org\",\"@graph\":[{\"@type\":\"Article\",\"@id\":\"https:\\\/\\\/renaud-reynek.com\\\/en\\\/archives-en\\\/our-dreams-will-go-by-the-wayside\\\/#article\",\"isPartOf\":{\"@id\":\"https:\\\/\\\/renaud-reynek.com\\\/en\\\/archives-en\\\/our-dreams-will-go-by-the-wayside\\\/\"},\"author\":{\"name\":\"Maxime\",\"@id\":\"https:\\\/\\\/renaud-reynek.com\\\/en\\\/#\\\/schema\\\/person\\\/f8ef4f711df0813ad6725a154d286469\"},\"headline\":\"Our Dreams Will Go by the Wayside\u2026\",\"datePublished\":\"2015-06-12T17:24:04+00:00\",\"dateModified\":\"2021-01-31T07:21:33+00:00\",\"mainEntityOfPage\":{\"@id\":\"https:\\\/\\\/renaud-reynek.com\\\/en\\\/archives-en\\\/our-dreams-will-go-by-the-wayside\\\/\"},\"wordCount\":299,\"commentCount\":0,\"image\":{\"@id\":\"https:\\\/\\\/renaud-reynek.com\\\/en\\\/archives-en\\\/our-dreams-will-go-by-the-wayside\\\/#primaryimage\"},\"thumbnailUrl\":\"https:\\\/\\\/renaud-reynek.com\\\/wp-content\\\/uploads\\\/2019\\\/09\\\/2015-180x180-1.jpg\",\"articleSection\":[\"Archives\",\"Exhibition\"],\"inLanguage\":\"en-US\",\"potentialAction\":[{\"@type\":\"CommentAction\",\"name\":\"Comment\",\"target\":[\"https:\\\/\\\/renaud-reynek.com\\\/en\\\/archives-en\\\/our-dreams-will-go-by-the-wayside\\\/#respond\"]}]},{\"@type\":\"WebPage\",\"@id\":\"https:\\\/\\\/renaud-reynek.com\\\/en\\\/archives-en\\\/our-dreams-will-go-by-the-wayside\\\/\",\"url\":\"https:\\\/\\\/renaud-reynek.com\\\/en\\\/archives-en\\\/our-dreams-will-go-by-the-wayside\\\/\",\"name\":\"Our Dreams Will Go by the Wayside\u2026 - Association Romarin\",\"isPartOf\":{\"@id\":\"https:\\\/\\\/renaud-reynek.com\\\/en\\\/#website\"},\"primaryImageOfPage\":{\"@id\":\"https:\\\/\\\/renaud-reynek.com\\\/en\\\/archives-en\\\/our-dreams-will-go-by-the-wayside\\\/#primaryimage\"},\"image\":{\"@id\":\"https:\\\/\\\/renaud-reynek.com\\\/en\\\/archives-en\\\/our-dreams-will-go-by-the-wayside\\\/#primaryimage\"},\"thumbnailUrl\":\"https:\\\/\\\/renaud-reynek.com\\\/wp-content\\\/uploads\\\/2019\\\/09\\\/2015-180x180-1.jpg\",\"datePublished\":\"2015-06-12T17:24:04+00:00\",\"dateModified\":\"2021-01-31T07:21:33+00:00\",\"author\":{\"@id\":\"https:\\\/\\\/renaud-reynek.com\\\/en\\\/#\\\/schema\\\/person\\\/f8ef4f711df0813ad6725a154d286469\"},\"description\":\"Site de l'Association Romarin. D\u00e9couvrez les \u0153uvres du graveur tch\u00e8que Bohuslav Reynek et de Suzanne Renaud, po\u00e8te, son \u00e9pouse grenobloise.\",\"breadcrumb\":{\"@id\":\"https:\\\/\\\/renaud-reynek.com\\\/en\\\/archives-en\\\/our-dreams-will-go-by-the-wayside\\\/#breadcrumb\"},\"inLanguage\":\"en-US\",\"potentialAction\":[{\"@type\":\"ReadAction\",\"target\":[\"https:\\\/\\\/renaud-reynek.com\\\/en\\\/archives-en\\\/our-dreams-will-go-by-the-wayside\\\/\"]}]},{\"@type\":\"ImageObject\",\"inLanguage\":\"en-US\",\"@id\":\"https:\\\/\\\/renaud-reynek.com\\\/en\\\/archives-en\\\/our-dreams-will-go-by-the-wayside\\\/#primaryimage\",\"url\":\"https:\\\/\\\/renaud-reynek.com\\\/wp-content\\\/uploads\\\/2019\\\/09\\\/2015-180x180-1.jpg\",\"contentUrl\":\"https:\\\/\\\/renaud-reynek.com\\\/wp-content\\\/uploads\\\/2019\\\/09\\\/2015-180x180-1.jpg\",\"width\":180,\"height\":180},{\"@type\":\"BreadcrumbList\",\"@id\":\"https:\\\/\\\/renaud-reynek.com\\\/en\\\/archives-en\\\/our-dreams-will-go-by-the-wayside\\\/#breadcrumb\",\"itemListElement\":[{\"@type\":\"ListItem\",\"position\":1,\"name\":\"Accueil\",\"item\":\"https:\\\/\\\/renaud-reynek.com\\\/en\\\/\"},{\"@type\":\"ListItem\",\"position\":2,\"name\":\"Archives\",\"item\":\"https:\\\/\\\/renaud-reynek.com\\\/en\\\/category\\\/archives-en\\\/\"},{\"@type\":\"ListItem\",\"position\":3,\"name\":\"Our Dreams Will Go by the Wayside\u2026\"}]},{\"@type\":\"WebSite\",\"@id\":\"https:\\\/\\\/renaud-reynek.com\\\/en\\\/#website\",\"url\":\"https:\\\/\\\/renaud-reynek.com\\\/en\\\/\",\"name\":\"Association Romarin\",\"description\":\"Les Amis de Suzanne Renaud et Bohuslav Reynek\",\"potentialAction\":[{\"@type\":\"SearchAction\",\"target\":{\"@type\":\"EntryPoint\",\"urlTemplate\":\"https:\\\/\\\/renaud-reynek.com\\\/en\\\/?s={search_term_string}\"},\"query-input\":{\"@type\":\"PropertyValueSpecification\",\"valueRequired\":true,\"valueName\":\"search_term_string\"}}],\"inLanguage\":\"en-US\"},{\"@type\":\"Person\",\"@id\":\"https:\\\/\\\/renaud-reynek.com\\\/en\\\/#\\\/schema\\\/person\\\/f8ef4f711df0813ad6725a154d286469\",\"name\":\"Maxime\",\"image\":{\"@type\":\"ImageObject\",\"inLanguage\":\"en-US\",\"@id\":\"https:\\\/\\\/secure.gravatar.com\\\/avatar\\\/25fbac11c096b2eeea38ba261ff26dca2c215fedcc7858b2da923703751f2114?s=96&d=mm&r=g\",\"url\":\"https:\\\/\\\/secure.gravatar.com\\\/avatar\\\/25fbac11c096b2eeea38ba261ff26dca2c215fedcc7858b2da923703751f2114?s=96&d=mm&r=g\",\"contentUrl\":\"https:\\\/\\\/secure.gravatar.com\\\/avatar\\\/25fbac11c096b2eeea38ba261ff26dca2c215fedcc7858b2da923703751f2114?s=96&d=mm&r=g\",\"caption\":\"Maxime\"},\"sameAs\":[\"romarin\"],\"url\":\"https:\\\/\\\/renaud-reynek.com\\\/en\\\/author\\\/maxime\\\/\"}]}<\/script>\n<!-- \/ Yoast SEO plugin. -->","yoast_head_json":{"title":"Our Dreams Will Go by the Wayside\u2026 - Association Romarin","description":"Site de l'Association Romarin. D\u00e9couvrez les \u0153uvres du graveur tch\u00e8que Bohuslav Reynek et de Suzanne Renaud, po\u00e8te, son \u00e9pouse grenobloise.","robots":{"index":"index","follow":"follow","max-snippet":"max-snippet:-1","max-image-preview":"max-image-preview:large","max-video-preview":"max-video-preview:-1"},"canonical":"https:\/\/renaud-reynek.com\/en\/archives-en\/our-dreams-will-go-by-the-wayside\/","og_locale":"en_US","og_type":"article","og_title":"Our Dreams Will Go by the Wayside\u2026 - Association Romarin","og_description":"Site de l'Association Romarin. D\u00e9couvrez les \u0153uvres du graveur tch\u00e8que Bohuslav Reynek et de Suzanne Renaud, po\u00e8te, son \u00e9pouse grenobloise.","og_url":"https:\/\/renaud-reynek.com\/en\/archives-en\/our-dreams-will-go-by-the-wayside\/","og_site_name":"Association Romarin","article_published_time":"2015-06-12T17:24:04+00:00","article_modified_time":"2021-01-31T07:21:33+00:00","og_image":[{"width":180,"height":180,"url":"https:\/\/renaud-reynek.com\/wp-content\/uploads\/2019\/09\/2015-180x180-1.jpg","type":"image\/jpeg"}],"author":"Maxime","twitter_card":"summary_large_image","twitter_misc":{"Written by":"Maxime","Est. reading time":"1 minute"},"schema":{"@context":"https:\/\/schema.org","@graph":[{"@type":"Article","@id":"https:\/\/renaud-reynek.com\/en\/archives-en\/our-dreams-will-go-by-the-wayside\/#article","isPartOf":{"@id":"https:\/\/renaud-reynek.com\/en\/archives-en\/our-dreams-will-go-by-the-wayside\/"},"author":{"name":"Maxime","@id":"https:\/\/renaud-reynek.com\/en\/#\/schema\/person\/f8ef4f711df0813ad6725a154d286469"},"headline":"Our Dreams Will Go by the Wayside\u2026","datePublished":"2015-06-12T17:24:04+00:00","dateModified":"2021-01-31T07:21:33+00:00","mainEntityOfPage":{"@id":"https:\/\/renaud-reynek.com\/en\/archives-en\/our-dreams-will-go-by-the-wayside\/"},"wordCount":299,"commentCount":0,"image":{"@id":"https:\/\/renaud-reynek.com\/en\/archives-en\/our-dreams-will-go-by-the-wayside\/#primaryimage"},"thumbnailUrl":"https:\/\/renaud-reynek.com\/wp-content\/uploads\/2019\/09\/2015-180x180-1.jpg","articleSection":["Archives","Exhibition"],"inLanguage":"en-US","potentialAction":[{"@type":"CommentAction","name":"Comment","target":["https:\/\/renaud-reynek.com\/en\/archives-en\/our-dreams-will-go-by-the-wayside\/#respond"]}]},{"@type":"WebPage","@id":"https:\/\/renaud-reynek.com\/en\/archives-en\/our-dreams-will-go-by-the-wayside\/","url":"https:\/\/renaud-reynek.com\/en\/archives-en\/our-dreams-will-go-by-the-wayside\/","name":"Our Dreams Will Go by the Wayside\u2026 - Association Romarin","isPartOf":{"@id":"https:\/\/renaud-reynek.com\/en\/#website"},"primaryImageOfPage":{"@id":"https:\/\/renaud-reynek.com\/en\/archives-en\/our-dreams-will-go-by-the-wayside\/#primaryimage"},"image":{"@id":"https:\/\/renaud-reynek.com\/en\/archives-en\/our-dreams-will-go-by-the-wayside\/#primaryimage"},"thumbnailUrl":"https:\/\/renaud-reynek.com\/wp-content\/uploads\/2019\/09\/2015-180x180-1.jpg","datePublished":"2015-06-12T17:24:04+00:00","dateModified":"2021-01-31T07:21:33+00:00","author":{"@id":"https:\/\/renaud-reynek.com\/en\/#\/schema\/person\/f8ef4f711df0813ad6725a154d286469"},"description":"Site de l'Association Romarin. D\u00e9couvrez les \u0153uvres du graveur tch\u00e8que Bohuslav Reynek et de Suzanne Renaud, po\u00e8te, son \u00e9pouse grenobloise.","breadcrumb":{"@id":"https:\/\/renaud-reynek.com\/en\/archives-en\/our-dreams-will-go-by-the-wayside\/#breadcrumb"},"inLanguage":"en-US","potentialAction":[{"@type":"ReadAction","target":["https:\/\/renaud-reynek.com\/en\/archives-en\/our-dreams-will-go-by-the-wayside\/"]}]},{"@type":"ImageObject","inLanguage":"en-US","@id":"https:\/\/renaud-reynek.com\/en\/archives-en\/our-dreams-will-go-by-the-wayside\/#primaryimage","url":"https:\/\/renaud-reynek.com\/wp-content\/uploads\/2019\/09\/2015-180x180-1.jpg","contentUrl":"https:\/\/renaud-reynek.com\/wp-content\/uploads\/2019\/09\/2015-180x180-1.jpg","width":180,"height":180},{"@type":"BreadcrumbList","@id":"https:\/\/renaud-reynek.com\/en\/archives-en\/our-dreams-will-go-by-the-wayside\/#breadcrumb","itemListElement":[{"@type":"ListItem","position":1,"name":"Accueil","item":"https:\/\/renaud-reynek.com\/en\/"},{"@type":"ListItem","position":2,"name":"Archives","item":"https:\/\/renaud-reynek.com\/en\/category\/archives-en\/"},{"@type":"ListItem","position":3,"name":"Our Dreams Will Go by the Wayside\u2026"}]},{"@type":"WebSite","@id":"https:\/\/renaud-reynek.com\/en\/#website","url":"https:\/\/renaud-reynek.com\/en\/","name":"Association Romarin","description":"Les Amis de Suzanne Renaud et Bohuslav Reynek","potentialAction":[{"@type":"SearchAction","target":{"@type":"EntryPoint","urlTemplate":"https:\/\/renaud-reynek.com\/en\/?s={search_term_string}"},"query-input":{"@type":"PropertyValueSpecification","valueRequired":true,"valueName":"search_term_string"}}],"inLanguage":"en-US"},{"@type":"Person","@id":"https:\/\/renaud-reynek.com\/en\/#\/schema\/person\/f8ef4f711df0813ad6725a154d286469","name":"Maxime","image":{"@type":"ImageObject","inLanguage":"en-US","@id":"https:\/\/secure.gravatar.com\/avatar\/25fbac11c096b2eeea38ba261ff26dca2c215fedcc7858b2da923703751f2114?s=96&d=mm&r=g","url":"https:\/\/secure.gravatar.com\/avatar\/25fbac11c096b2eeea38ba261ff26dca2c215fedcc7858b2da923703751f2114?s=96&d=mm&r=g","contentUrl":"https:\/\/secure.gravatar.com\/avatar\/25fbac11c096b2eeea38ba261ff26dca2c215fedcc7858b2da923703751f2114?s=96&d=mm&r=g","caption":"Maxime"},"sameAs":["romarin"],"url":"https:\/\/renaud-reynek.com\/en\/author\/maxime\/"}]}},"_links":{"self":[{"href":"https:\/\/renaud-reynek.com\/en\/wp-json\/wp\/v2\/posts\/4831","targetHints":{"allow":["GET"]}}],"collection":[{"href":"https:\/\/renaud-reynek.com\/en\/wp-json\/wp\/v2\/posts"}],"about":[{"href":"https:\/\/renaud-reynek.com\/en\/wp-json\/wp\/v2\/types\/post"}],"author":[{"embeddable":true,"href":"https:\/\/renaud-reynek.com\/en\/wp-json\/wp\/v2\/users\/1"}],"replies":[{"embeddable":true,"href":"https:\/\/renaud-reynek.com\/en\/wp-json\/wp\/v2\/comments?post=4831"}],"version-history":[{"count":0,"href":"https:\/\/renaud-reynek.com\/en\/wp-json\/wp\/v2\/posts\/4831\/revisions"}],"wp:featuredmedia":[{"embeddable":true,"href":"https:\/\/renaud-reynek.com\/en\/wp-json\/wp\/v2\/media\/3677"}],"wp:attachment":[{"href":"https:\/\/renaud-reynek.com\/en\/wp-json\/wp\/v2\/media?parent=4831"}],"wp:term":[{"taxonomy":"category","embeddable":true,"href":"https:\/\/renaud-reynek.com\/en\/wp-json\/wp\/v2\/categories?post=4831"},{"taxonomy":"post_tag","embeddable":true,"href":"https:\/\/renaud-reynek.com\/en\/wp-json\/wp\/v2\/tags?post=4831"}],"curies":[{"name":"wp","href":"https:\/\/api.w.org\/{rel}","templated":true}]}}