{"id":4506,"date":"2019-09-25T13:36:32","date_gmt":"2019-09-25T11:36:32","guid":{"rendered":"https:\/\/renaud-reynek.com\/2020\/10\/04\/bohuslav-reynek-podzimni-motyli-papillons-dautomne\/"},"modified":"2021-05-16T12:25:23","modified_gmt":"2021-05-16T10:25:23","slug":"bohuslav-reynek-podzimni-motyli-papillons-dautomne","status":"publish","type":"post","link":"https:\/\/renaud-reynek.com\/en\/archives-en\/bohuslav-reynek-podzimni-motyli-papillons-dautomne\/","title":{"rendered":"Bohuslav Reynek : <i>Podzimn\u00ed mot\u00fdli \u2013 Papillons d&#8217;automne<\/i>"},"content":{"rendered":"<p><strong>Bohuslav REYNEK.<br \/>\n<em>Podzimn\u00ed mot\u00fdli \/ Papillons d&#8217;automne.<\/em><\/strong><\/p>\n<p>Bilingual edition in French and Czech.<br \/>\nTranslated from the Czech by Beno\u00eet Meunier.<br \/>\nPostface by Beno\u00eet Meunier.<br \/>\nIllustrations in colour: eleven engravings by B. Reynek.<br \/>\nPublished with support from the Ministry of Foreign Affairs and the Ministry of Culture of the Czech Republic and the Renaud-Reynek Endowment Fund (France).<br \/>\nFormat: 12,5 x 19 cm.<br \/>\n96 pages. Softbound, illustrated cover.<br \/>\nISBN 2-910544-18-4<\/p>\n<p style=\"text-align: justify;\">\u201cFollowing these autumn butterflies, the reader does not just witness the metamorphosis of an autumnal landscape. The signs are revelatory: buckets, crimson, sacrifice and the lamb, blood and death are omnipresent\u2026 the butterflies of September, wind and fog of October, memories and fading sunlight gradually give way to the first frosts of November, to cemeteries, to the dead, to the litanies of the saints: the entire collection converges on the deafening din of the Apocalypse in the Last Judgement, ending, in calm and silence, in a single, light <em>trace<\/em> left by a bird on the snow: the bird has flown away, the promise of a Return.\u201d Beno\u00eet Meunier.<\/p>\n<p><img fetchpriority=\"high\" decoding=\"async\" class=\"alignnone size-medium wp-image-1379\" src=\"https:\/\/renaud-reynek.com\/wp-content\/uploads\/2020\/01\/BR_Papillons2018-194x300.jpg\" alt=\"\" width=\"194\" height=\"300\" srcset=\"https:\/\/renaud-reynek.com\/wp-content\/uploads\/2020\/01\/BR_Papillons2018-194x300.jpg 194w, https:\/\/renaud-reynek.com\/wp-content\/uploads\/2020\/01\/BR_Papillons2018-600x929.jpg 600w, https:\/\/renaud-reynek.com\/wp-content\/uploads\/2020\/01\/BR_Papillons2018-661x1024.jpg 661w, https:\/\/renaud-reynek.com\/wp-content\/uploads\/2020\/01\/BR_Papillons2018-768x1190.jpg 768w, https:\/\/renaud-reynek.com\/wp-content\/uploads\/2020\/01\/BR_Papillons2018-992x1536.jpg 992w, https:\/\/renaud-reynek.com\/wp-content\/uploads\/2020\/01\/BR_Papillons2018.jpg 1000w\" sizes=\"(max-width: 194px) 100vw, 194px\" \/><\/p>\n","protected":false},"excerpt":{"rendered":"<p>\u201cFollowing these autumn butterflies, the reader does not just witness the metamorphosis of an autumnal landscape. The signs are revelatory: buckets, crimson, sacrifice and the lamb, blood and death are omnipresent [\u2026]<\/p>\n","protected":false},"author":6,"featured_media":3653,"comment_status":"open","ping_status":"closed","sticky":false,"template":"","format":"standard","meta":{"_acf_changed":false,"footnotes":""},"categories":[157,128],"tags":[140,139],"class_list":["post-4506","post","type-post","status-publish","format-standard","has-post-thumbnail","hentry","category-archives-en","category-publishing-house-romarin","tag-benoit-meunier-en","tag-poesie-en"],"acf":[],"yoast_head":"<!-- This site is optimized with the Yoast SEO plugin v27.4 - https:\/\/yoast.com\/product\/yoast-seo-wordpress\/ -->\n<title>Bohuslav Reynek : Podzimn\u00ed mot\u00fdli \u2013 Papillons d&#039;automne - Association Romarin<\/title>\n<meta name=\"description\" content=\"Site de l&#039;Association Romarin. D\u00e9couvrez les \u0153uvres du graveur tch\u00e8que Bohuslav Reynek et de Suzanne Renaud, po\u00e8te, son \u00e9pouse grenobloise.\" \/>\n<meta name=\"robots\" content=\"index, follow, max-snippet:-1, max-image-preview:large, max-video-preview:-1\" \/>\n<link rel=\"canonical\" href=\"https:\/\/renaud-reynek.com\/en\/archives-en\/bohuslav-reynek-podzimni-motyli-papillons-dautomne\/\" \/>\n<meta property=\"og:locale\" content=\"en_US\" \/>\n<meta property=\"og:type\" content=\"article\" \/>\n<meta property=\"og:title\" content=\"Bohuslav Reynek : Podzimn\u00ed mot\u00fdli \u2013 Papillons d&#039;automne - Association Romarin\" \/>\n<meta property=\"og:description\" content=\"Site de l&#039;Association Romarin. D\u00e9couvrez les \u0153uvres du graveur tch\u00e8que Bohuslav Reynek et de Suzanne Renaud, po\u00e8te, son \u00e9pouse grenobloise.\" \/>\n<meta property=\"og:url\" content=\"https:\/\/renaud-reynek.com\/en\/archives-en\/bohuslav-reynek-podzimni-motyli-papillons-dautomne\/\" \/>\n<meta property=\"og:site_name\" content=\"Association Romarin\" \/>\n<meta property=\"article:published_time\" content=\"2019-09-25T11:36:32+00:00\" \/>\n<meta property=\"article:modified_time\" content=\"2021-05-16T10:25:23+00:00\" \/>\n<meta property=\"og:image\" content=\"https:\/\/renaud-reynek.com\/wp-content\/uploads\/2019\/09\/papillon-une-180x180-1.jpg\" \/>\n\t<meta property=\"og:image:width\" content=\"180\" \/>\n\t<meta property=\"og:image:height\" content=\"180\" \/>\n\t<meta property=\"og:image:type\" content=\"image\/jpeg\" \/>\n<meta name=\"author\" content=\"Annick Auzimour\" \/>\n<meta name=\"twitter:card\" content=\"summary_large_image\" \/>\n<meta name=\"twitter:label1\" content=\"Written by\" \/>\n\t<meta name=\"twitter:data1\" content=\"Annick Auzimour\" \/>\n\t<meta name=\"twitter:label2\" content=\"Est. reading time\" \/>\n\t<meta name=\"twitter:data2\" content=\"1 minute\" \/>\n<script type=\"application\/ld+json\" class=\"yoast-schema-graph\">{\"@context\":\"https:\\\/\\\/schema.org\",\"@graph\":[{\"@type\":\"Article\",\"@id\":\"https:\\\/\\\/renaud-reynek.com\\\/en\\\/archives-en\\\/bohuslav-reynek-podzimni-motyli-papillons-dautomne\\\/#article\",\"isPartOf\":{\"@id\":\"https:\\\/\\\/renaud-reynek.com\\\/en\\\/archives-en\\\/bohuslav-reynek-podzimni-motyli-papillons-dautomne\\\/\"},\"author\":{\"name\":\"Annick Auzimour\",\"@id\":\"https:\\\/\\\/renaud-reynek.com\\\/en\\\/#\\\/schema\\\/person\\\/26bd032846c4de00ed874e33846107b4\"},\"headline\":\"Bohuslav Reynek : Podzimn\u00ed mot\u00fdli \u2013 Papillons d&#8217;automne\",\"datePublished\":\"2019-09-25T11:36:32+00:00\",\"dateModified\":\"2021-05-16T10:25:23+00:00\",\"mainEntityOfPage\":{\"@id\":\"https:\\\/\\\/renaud-reynek.com\\\/en\\\/archives-en\\\/bohuslav-reynek-podzimni-motyli-papillons-dautomne\\\/\"},\"wordCount\":187,\"commentCount\":0,\"image\":{\"@id\":\"https:\\\/\\\/renaud-reynek.com\\\/en\\\/archives-en\\\/bohuslav-reynek-podzimni-motyli-papillons-dautomne\\\/#primaryimage\"},\"thumbnailUrl\":\"https:\\\/\\\/renaud-reynek.com\\\/wp-content\\\/uploads\\\/2019\\\/09\\\/papillon-une-180x180-1.jpg\",\"keywords\":[\"Beno\u00eet Meunier\",\"poesie\"],\"articleSection\":[\"Archives\",\"Publishing house Romarin\"],\"inLanguage\":\"en-US\",\"potentialAction\":[{\"@type\":\"CommentAction\",\"name\":\"Comment\",\"target\":[\"https:\\\/\\\/renaud-reynek.com\\\/en\\\/archives-en\\\/bohuslav-reynek-podzimni-motyli-papillons-dautomne\\\/#respond\"]}]},{\"@type\":\"WebPage\",\"@id\":\"https:\\\/\\\/renaud-reynek.com\\\/en\\\/archives-en\\\/bohuslav-reynek-podzimni-motyli-papillons-dautomne\\\/\",\"url\":\"https:\\\/\\\/renaud-reynek.com\\\/en\\\/archives-en\\\/bohuslav-reynek-podzimni-motyli-papillons-dautomne\\\/\",\"name\":\"Bohuslav Reynek : Podzimn\u00ed mot\u00fdli \u2013 Papillons d'automne - Association Romarin\",\"isPartOf\":{\"@id\":\"https:\\\/\\\/renaud-reynek.com\\\/en\\\/#website\"},\"primaryImageOfPage\":{\"@id\":\"https:\\\/\\\/renaud-reynek.com\\\/en\\\/archives-en\\\/bohuslav-reynek-podzimni-motyli-papillons-dautomne\\\/#primaryimage\"},\"image\":{\"@id\":\"https:\\\/\\\/renaud-reynek.com\\\/en\\\/archives-en\\\/bohuslav-reynek-podzimni-motyli-papillons-dautomne\\\/#primaryimage\"},\"thumbnailUrl\":\"https:\\\/\\\/renaud-reynek.com\\\/wp-content\\\/uploads\\\/2019\\\/09\\\/papillon-une-180x180-1.jpg\",\"datePublished\":\"2019-09-25T11:36:32+00:00\",\"dateModified\":\"2021-05-16T10:25:23+00:00\",\"author\":{\"@id\":\"https:\\\/\\\/renaud-reynek.com\\\/en\\\/#\\\/schema\\\/person\\\/26bd032846c4de00ed874e33846107b4\"},\"description\":\"Site de l'Association Romarin. D\u00e9couvrez les \u0153uvres du graveur tch\u00e8que Bohuslav Reynek et de Suzanne Renaud, po\u00e8te, son \u00e9pouse grenobloise.\",\"breadcrumb\":{\"@id\":\"https:\\\/\\\/renaud-reynek.com\\\/en\\\/archives-en\\\/bohuslav-reynek-podzimni-motyli-papillons-dautomne\\\/#breadcrumb\"},\"inLanguage\":\"en-US\",\"potentialAction\":[{\"@type\":\"ReadAction\",\"target\":[\"https:\\\/\\\/renaud-reynek.com\\\/en\\\/archives-en\\\/bohuslav-reynek-podzimni-motyli-papillons-dautomne\\\/\"]}]},{\"@type\":\"ImageObject\",\"inLanguage\":\"en-US\",\"@id\":\"https:\\\/\\\/renaud-reynek.com\\\/en\\\/archives-en\\\/bohuslav-reynek-podzimni-motyli-papillons-dautomne\\\/#primaryimage\",\"url\":\"https:\\\/\\\/renaud-reynek.com\\\/wp-content\\\/uploads\\\/2019\\\/09\\\/papillon-une-180x180-1.jpg\",\"contentUrl\":\"https:\\\/\\\/renaud-reynek.com\\\/wp-content\\\/uploads\\\/2019\\\/09\\\/papillon-une-180x180-1.jpg\",\"width\":180,\"height\":180},{\"@type\":\"BreadcrumbList\",\"@id\":\"https:\\\/\\\/renaud-reynek.com\\\/en\\\/archives-en\\\/bohuslav-reynek-podzimni-motyli-papillons-dautomne\\\/#breadcrumb\",\"itemListElement\":[{\"@type\":\"ListItem\",\"position\":1,\"name\":\"Accueil\",\"item\":\"https:\\\/\\\/renaud-reynek.com\\\/en\\\/\"},{\"@type\":\"ListItem\",\"position\":2,\"name\":\"Archives\",\"item\":\"https:\\\/\\\/renaud-reynek.com\\\/en\\\/category\\\/archives-en\\\/\"},{\"@type\":\"ListItem\",\"position\":3,\"name\":\"Bohuslav Reynek : Podzimn\u00ed mot\u00fdli \u2013 Papillons d&#8217;automne\"}]},{\"@type\":\"WebSite\",\"@id\":\"https:\\\/\\\/renaud-reynek.com\\\/en\\\/#website\",\"url\":\"https:\\\/\\\/renaud-reynek.com\\\/en\\\/\",\"name\":\"Association Romarin\",\"description\":\"Les Amis de Suzanne Renaud et Bohuslav Reynek\",\"potentialAction\":[{\"@type\":\"SearchAction\",\"target\":{\"@type\":\"EntryPoint\",\"urlTemplate\":\"https:\\\/\\\/renaud-reynek.com\\\/en\\\/?s={search_term_string}\"},\"query-input\":{\"@type\":\"PropertyValueSpecification\",\"valueRequired\":true,\"valueName\":\"search_term_string\"}}],\"inLanguage\":\"en-US\"},{\"@type\":\"Person\",\"@id\":\"https:\\\/\\\/renaud-reynek.com\\\/en\\\/#\\\/schema\\\/person\\\/26bd032846c4de00ed874e33846107b4\",\"name\":\"Annick Auzimour\",\"image\":{\"@type\":\"ImageObject\",\"inLanguage\":\"en-US\",\"@id\":\"https:\\\/\\\/secure.gravatar.com\\\/avatar\\\/8addd5e4d405d3f981a8e184b332f14787b91b971300006a40a4332039ed7743?s=96&d=mm&r=g\",\"url\":\"https:\\\/\\\/secure.gravatar.com\\\/avatar\\\/8addd5e4d405d3f981a8e184b332f14787b91b971300006a40a4332039ed7743?s=96&d=mm&r=g\",\"contentUrl\":\"https:\\\/\\\/secure.gravatar.com\\\/avatar\\\/8addd5e4d405d3f981a8e184b332f14787b91b971300006a40a4332039ed7743?s=96&d=mm&r=g\",\"caption\":\"Annick Auzimour\"},\"sameAs\":[\"romarin\"],\"url\":\"https:\\\/\\\/renaud-reynek.com\\\/en\\\/author\\\/romarin\\\/\"}]}<\/script>\n<!-- \/ Yoast SEO plugin. -->","yoast_head_json":{"title":"Bohuslav Reynek : Podzimn\u00ed mot\u00fdli \u2013 Papillons d'automne - Association Romarin","description":"Site de l'Association Romarin. D\u00e9couvrez les \u0153uvres du graveur tch\u00e8que Bohuslav Reynek et de Suzanne Renaud, po\u00e8te, son \u00e9pouse grenobloise.","robots":{"index":"index","follow":"follow","max-snippet":"max-snippet:-1","max-image-preview":"max-image-preview:large","max-video-preview":"max-video-preview:-1"},"canonical":"https:\/\/renaud-reynek.com\/en\/archives-en\/bohuslav-reynek-podzimni-motyli-papillons-dautomne\/","og_locale":"en_US","og_type":"article","og_title":"Bohuslav Reynek : Podzimn\u00ed mot\u00fdli \u2013 Papillons d'automne - Association Romarin","og_description":"Site de l'Association Romarin. D\u00e9couvrez les \u0153uvres du graveur tch\u00e8que Bohuslav Reynek et de Suzanne Renaud, po\u00e8te, son \u00e9pouse grenobloise.","og_url":"https:\/\/renaud-reynek.com\/en\/archives-en\/bohuslav-reynek-podzimni-motyli-papillons-dautomne\/","og_site_name":"Association Romarin","article_published_time":"2019-09-25T11:36:32+00:00","article_modified_time":"2021-05-16T10:25:23+00:00","og_image":[{"width":180,"height":180,"url":"https:\/\/renaud-reynek.com\/wp-content\/uploads\/2019\/09\/papillon-une-180x180-1.jpg","type":"image\/jpeg"}],"author":"Annick Auzimour","twitter_card":"summary_large_image","twitter_misc":{"Written by":"Annick Auzimour","Est. reading time":"1 minute"},"schema":{"@context":"https:\/\/schema.org","@graph":[{"@type":"Article","@id":"https:\/\/renaud-reynek.com\/en\/archives-en\/bohuslav-reynek-podzimni-motyli-papillons-dautomne\/#article","isPartOf":{"@id":"https:\/\/renaud-reynek.com\/en\/archives-en\/bohuslav-reynek-podzimni-motyli-papillons-dautomne\/"},"author":{"name":"Annick Auzimour","@id":"https:\/\/renaud-reynek.com\/en\/#\/schema\/person\/26bd032846c4de00ed874e33846107b4"},"headline":"Bohuslav Reynek : Podzimn\u00ed mot\u00fdli \u2013 Papillons d&#8217;automne","datePublished":"2019-09-25T11:36:32+00:00","dateModified":"2021-05-16T10:25:23+00:00","mainEntityOfPage":{"@id":"https:\/\/renaud-reynek.com\/en\/archives-en\/bohuslav-reynek-podzimni-motyli-papillons-dautomne\/"},"wordCount":187,"commentCount":0,"image":{"@id":"https:\/\/renaud-reynek.com\/en\/archives-en\/bohuslav-reynek-podzimni-motyli-papillons-dautomne\/#primaryimage"},"thumbnailUrl":"https:\/\/renaud-reynek.com\/wp-content\/uploads\/2019\/09\/papillon-une-180x180-1.jpg","keywords":["Beno\u00eet Meunier","poesie"],"articleSection":["Archives","Publishing house Romarin"],"inLanguage":"en-US","potentialAction":[{"@type":"CommentAction","name":"Comment","target":["https:\/\/renaud-reynek.com\/en\/archives-en\/bohuslav-reynek-podzimni-motyli-papillons-dautomne\/#respond"]}]},{"@type":"WebPage","@id":"https:\/\/renaud-reynek.com\/en\/archives-en\/bohuslav-reynek-podzimni-motyli-papillons-dautomne\/","url":"https:\/\/renaud-reynek.com\/en\/archives-en\/bohuslav-reynek-podzimni-motyli-papillons-dautomne\/","name":"Bohuslav Reynek : Podzimn\u00ed mot\u00fdli \u2013 Papillons d'automne - Association Romarin","isPartOf":{"@id":"https:\/\/renaud-reynek.com\/en\/#website"},"primaryImageOfPage":{"@id":"https:\/\/renaud-reynek.com\/en\/archives-en\/bohuslav-reynek-podzimni-motyli-papillons-dautomne\/#primaryimage"},"image":{"@id":"https:\/\/renaud-reynek.com\/en\/archives-en\/bohuslav-reynek-podzimni-motyli-papillons-dautomne\/#primaryimage"},"thumbnailUrl":"https:\/\/renaud-reynek.com\/wp-content\/uploads\/2019\/09\/papillon-une-180x180-1.jpg","datePublished":"2019-09-25T11:36:32+00:00","dateModified":"2021-05-16T10:25:23+00:00","author":{"@id":"https:\/\/renaud-reynek.com\/en\/#\/schema\/person\/26bd032846c4de00ed874e33846107b4"},"description":"Site de l'Association Romarin. D\u00e9couvrez les \u0153uvres du graveur tch\u00e8que Bohuslav Reynek et de Suzanne Renaud, po\u00e8te, son \u00e9pouse grenobloise.","breadcrumb":{"@id":"https:\/\/renaud-reynek.com\/en\/archives-en\/bohuslav-reynek-podzimni-motyli-papillons-dautomne\/#breadcrumb"},"inLanguage":"en-US","potentialAction":[{"@type":"ReadAction","target":["https:\/\/renaud-reynek.com\/en\/archives-en\/bohuslav-reynek-podzimni-motyli-papillons-dautomne\/"]}]},{"@type":"ImageObject","inLanguage":"en-US","@id":"https:\/\/renaud-reynek.com\/en\/archives-en\/bohuslav-reynek-podzimni-motyli-papillons-dautomne\/#primaryimage","url":"https:\/\/renaud-reynek.com\/wp-content\/uploads\/2019\/09\/papillon-une-180x180-1.jpg","contentUrl":"https:\/\/renaud-reynek.com\/wp-content\/uploads\/2019\/09\/papillon-une-180x180-1.jpg","width":180,"height":180},{"@type":"BreadcrumbList","@id":"https:\/\/renaud-reynek.com\/en\/archives-en\/bohuslav-reynek-podzimni-motyli-papillons-dautomne\/#breadcrumb","itemListElement":[{"@type":"ListItem","position":1,"name":"Accueil","item":"https:\/\/renaud-reynek.com\/en\/"},{"@type":"ListItem","position":2,"name":"Archives","item":"https:\/\/renaud-reynek.com\/en\/category\/archives-en\/"},{"@type":"ListItem","position":3,"name":"Bohuslav Reynek : Podzimn\u00ed mot\u00fdli \u2013 Papillons d&#8217;automne"}]},{"@type":"WebSite","@id":"https:\/\/renaud-reynek.com\/en\/#website","url":"https:\/\/renaud-reynek.com\/en\/","name":"Association Romarin","description":"Les Amis de Suzanne Renaud et Bohuslav Reynek","potentialAction":[{"@type":"SearchAction","target":{"@type":"EntryPoint","urlTemplate":"https:\/\/renaud-reynek.com\/en\/?s={search_term_string}"},"query-input":{"@type":"PropertyValueSpecification","valueRequired":true,"valueName":"search_term_string"}}],"inLanguage":"en-US"},{"@type":"Person","@id":"https:\/\/renaud-reynek.com\/en\/#\/schema\/person\/26bd032846c4de00ed874e33846107b4","name":"Annick Auzimour","image":{"@type":"ImageObject","inLanguage":"en-US","@id":"https:\/\/secure.gravatar.com\/avatar\/8addd5e4d405d3f981a8e184b332f14787b91b971300006a40a4332039ed7743?s=96&d=mm&r=g","url":"https:\/\/secure.gravatar.com\/avatar\/8addd5e4d405d3f981a8e184b332f14787b91b971300006a40a4332039ed7743?s=96&d=mm&r=g","contentUrl":"https:\/\/secure.gravatar.com\/avatar\/8addd5e4d405d3f981a8e184b332f14787b91b971300006a40a4332039ed7743?s=96&d=mm&r=g","caption":"Annick Auzimour"},"sameAs":["romarin"],"url":"https:\/\/renaud-reynek.com\/en\/author\/romarin\/"}]}},"_links":{"self":[{"href":"https:\/\/renaud-reynek.com\/en\/wp-json\/wp\/v2\/posts\/4506","targetHints":{"allow":["GET"]}}],"collection":[{"href":"https:\/\/renaud-reynek.com\/en\/wp-json\/wp\/v2\/posts"}],"about":[{"href":"https:\/\/renaud-reynek.com\/en\/wp-json\/wp\/v2\/types\/post"}],"author":[{"embeddable":true,"href":"https:\/\/renaud-reynek.com\/en\/wp-json\/wp\/v2\/users\/6"}],"replies":[{"embeddable":true,"href":"https:\/\/renaud-reynek.com\/en\/wp-json\/wp\/v2\/comments?post=4506"}],"version-history":[{"count":0,"href":"https:\/\/renaud-reynek.com\/en\/wp-json\/wp\/v2\/posts\/4506\/revisions"}],"wp:featuredmedia":[{"embeddable":true,"href":"https:\/\/renaud-reynek.com\/en\/wp-json\/wp\/v2\/media\/3653"}],"wp:attachment":[{"href":"https:\/\/renaud-reynek.com\/en\/wp-json\/wp\/v2\/media?parent=4506"}],"wp:term":[{"taxonomy":"category","embeddable":true,"href":"https:\/\/renaud-reynek.com\/en\/wp-json\/wp\/v2\/categories?post=4506"},{"taxonomy":"post_tag","embeddable":true,"href":"https:\/\/renaud-reynek.com\/en\/wp-json\/wp\/v2\/tags?post=4506"}],"curies":[{"name":"wp","href":"https:\/\/api.w.org\/{rel}","templated":true}]}}