{"id":7071,"date":"2015-10-24T19:24:38","date_gmt":"2015-10-24T17:24:38","guid":{"rendered":"https:\/\/renaud-reynek.com\/uncategorized-cs\/conference-a-lacademie-delphinalereynkuv-don-quijote\/"},"modified":"2021-09-07T16:42:46","modified_gmt":"2021-09-07T14:42:46","slug":"conference-a-lacademie-delphinalereynkuv-don-quijote","status":"publish","type":"post","link":"https:\/\/renaud-reynek.com\/cs\/evenement-cs\/conference-a-lacademie-delphinalereynkuv-don-quijote\/","title":{"rendered":"Konference Delf\u00ednsk\u00e9 akademie<br>Reynk\u016fv Don Quijote"},"content":{"rendered":"<p>V r\u00e1mci m\u011bs\u00ed\u010dn\u00edch konferenc\u00ed Delf\u00ednsk\u00e9 akademie,<\/p>\n<p><em>Don Quijote Bohuslava Reynka, Grenobelsk\u00e9 album, 1960<\/em><br \/>\np\u0159ednesen\u00e1 Annick Auzimour.<\/p>\n<p><strong>V sobotu 24. R\u00edjna 2015 ve 14.h30<\/strong><\/p>\n<p>Archives d\u00e9partementales de l&#8217;Is\u00e8re<br \/>\n2 rue Auguste-Prudhomme<br \/>\n38000 Grenoble<\/p>\n<p>Text t\u00e9to konference je publikov\u00e1n v P\u0159ehledu<br \/>\nDelf\u00ednsk\u00e9 akademie v\u010d. 1 z ledna 2016.<\/p>\n<p><a href=\"https:\/\/renaud-reynek.com\/wp-content\/uploads\/2021\/09\/1960_Don-Quichotte-lalbum_cz.pdf\" target=\"_blank\" rel=\"noopener noreferrer\"><strong><span style=\"color: #191970;\">Don Quijote Bohuslava Reynka, 1960<\/span><\/strong><\/a><\/p>\n<p>Grenobelsk\u00e9 album &#8211; Diaporama :<\/p>\n<div style=\"width: 800px;\" class=\"wp-video\"><video class=\"wp-video-shortcode\" id=\"video-7071-1\" width=\"800\" height=\"600\" preload=\"metadata\" controls=\"controls\"><source type=\"video\/mp4\" src=\"https:\/\/renaud-reynek.com\/wp-content\/uploads\/2015\/10\/ALBUM_Presentation2.m4v?_=1\" \/><a href=\"https:\/\/renaud-reynek.com\/wp-content\/uploads\/2015\/10\/ALBUM_Presentation2.m4v\">https:\/\/renaud-reynek.com\/wp-content\/uploads\/2015\/10\/ALBUM_Presentation2.m4v<\/a><\/video><\/div>\n","protected":false},"excerpt":{"rendered":"<p>V r\u00e1mci m\u011bs\u00ed\u010dn\u00edch konferenc\u00ed Delf\u00ednsk\u00e9 akademie:<br \/>\n\u201eDon Quijote Bohuslava Reynka, album z Grenoblu, 1960\u201f, p\u0159ednesen\u00e1 Annick Auzimour. V sobotu 24. R\u00edjna 2015 ve 14.h30, Archives d\u00e9partementales de l&#8217;Is\u00e8re, Grenoble.<\/p>\n","protected":false},"author":1,"featured_media":3703,"comment_status":"open","ping_status":"closed","sticky":false,"template":"","format":"standard","meta":{"_acf_changed":false,"footnotes":""},"categories":[150,107],"tags":[],"class_list":["post-7071","post","type-post","status-publish","format-standard","has-post-thumbnail","hentry","category-archiv-cs","category-evenement-cs"],"acf":[],"yoast_head":"<!-- This site is optimized with the Yoast SEO plugin v27.4 - https:\/\/yoast.com\/product\/yoast-seo-wordpress\/ -->\n<title>Konference Delf\u00ednsk\u00e9 akademieReynk\u016fv Don Quijote - Association Romarin<\/title>\n<meta name=\"description\" content=\"Site de l&#039;Association Romarin. D\u00e9couvrez les \u0153uvres du graveur tch\u00e8que Bohuslav Reynek et de Suzanne Renaud, po\u00e8te, son \u00e9pouse grenobloise.\" \/>\n<meta name=\"robots\" content=\"index, follow, max-snippet:-1, max-image-preview:large, max-video-preview:-1\" \/>\n<link rel=\"canonical\" href=\"https:\/\/renaud-reynek.com\/cs\/evenement-cs\/conference-a-lacademie-delphinalereynkuv-don-quijote\/\" \/>\n<meta property=\"og:locale\" content=\"cs_CZ\" \/>\n<meta property=\"og:type\" content=\"article\" \/>\n<meta property=\"og:title\" content=\"Konference Delf\u00ednsk\u00e9 akademieReynk\u016fv Don Quijote - Association Romarin\" \/>\n<meta property=\"og:description\" content=\"Site de l&#039;Association Romarin. D\u00e9couvrez les \u0153uvres du graveur tch\u00e8que Bohuslav Reynek et de Suzanne Renaud, po\u00e8te, son \u00e9pouse grenobloise.\" \/>\n<meta property=\"og:url\" content=\"https:\/\/renaud-reynek.com\/cs\/evenement-cs\/conference-a-lacademie-delphinalereynkuv-don-quijote\/\" \/>\n<meta property=\"og:site_name\" content=\"Association Romarin\" \/>\n<meta property=\"article:published_time\" content=\"2015-10-24T17:24:38+00:00\" \/>\n<meta property=\"article:modified_time\" content=\"2021-09-07T14:42:46+00:00\" \/>\n<meta property=\"og:image\" content=\"https:\/\/renaud-reynek.com\/wp-content\/uploads\/2019\/09\/le-chevalier-errant-175x180-1.jpg\" \/>\n\t<meta property=\"og:image:width\" content=\"175\" \/>\n\t<meta property=\"og:image:height\" content=\"180\" \/>\n\t<meta property=\"og:image:type\" content=\"image\/jpeg\" \/>\n<meta name=\"author\" content=\"Maxime\" \/>\n<meta name=\"twitter:card\" content=\"summary_large_image\" \/>\n<meta name=\"twitter:label1\" content=\"Napsal(a)\" \/>\n\t<meta name=\"twitter:data1\" content=\"Maxime\" \/>\n<script type=\"application\/ld+json\" class=\"yoast-schema-graph\">{\"@context\":\"https:\\\/\\\/schema.org\",\"@graph\":[{\"@type\":\"Article\",\"@id\":\"https:\\\/\\\/renaud-reynek.com\\\/cs\\\/evenement-cs\\\/conference-a-lacademie-delphinalereynkuv-don-quijote\\\/#article\",\"isPartOf\":{\"@id\":\"https:\\\/\\\/renaud-reynek.com\\\/cs\\\/evenement-cs\\\/conference-a-lacademie-delphinalereynkuv-don-quijote\\\/\"},\"author\":{\"name\":\"Maxime\",\"@id\":\"https:\\\/\\\/renaud-reynek.com\\\/cs\\\/#\\\/schema\\\/person\\\/f8ef4f711df0813ad6725a154d286469\"},\"headline\":\"Konference Delf\u00ednsk\u00e9 akademie Reynk\u016fv Don Quijote\",\"datePublished\":\"2015-10-24T17:24:38+00:00\",\"dateModified\":\"2021-09-07T14:42:46+00:00\",\"mainEntityOfPage\":{\"@id\":\"https:\\\/\\\/renaud-reynek.com\\\/cs\\\/evenement-cs\\\/conference-a-lacademie-delphinalereynkuv-don-quijote\\\/\"},\"wordCount\":83,\"commentCount\":0,\"image\":{\"@id\":\"https:\\\/\\\/renaud-reynek.com\\\/cs\\\/evenement-cs\\\/conference-a-lacademie-delphinalereynkuv-don-quijote\\\/#primaryimage\"},\"thumbnailUrl\":\"https:\\\/\\\/renaud-reynek.com\\\/wp-content\\\/uploads\\\/2019\\\/09\\\/le-chevalier-errant-175x180-1.jpg\",\"articleSection\":[\"Archiv\",\"\u00c9v\u00e8nement\"],\"inLanguage\":\"cs\",\"potentialAction\":[{\"@type\":\"CommentAction\",\"name\":\"Comment\",\"target\":[\"https:\\\/\\\/renaud-reynek.com\\\/cs\\\/evenement-cs\\\/conference-a-lacademie-delphinalereynkuv-don-quijote\\\/#respond\"]}]},{\"@type\":\"WebPage\",\"@id\":\"https:\\\/\\\/renaud-reynek.com\\\/cs\\\/evenement-cs\\\/conference-a-lacademie-delphinalereynkuv-don-quijote\\\/\",\"url\":\"https:\\\/\\\/renaud-reynek.com\\\/cs\\\/evenement-cs\\\/conference-a-lacademie-delphinalereynkuv-don-quijote\\\/\",\"name\":\"Konference Delf\u00ednsk\u00e9 akademie Reynk\u016fv Don Quijote - Association Romarin\",\"isPartOf\":{\"@id\":\"https:\\\/\\\/renaud-reynek.com\\\/cs\\\/#website\"},\"primaryImageOfPage\":{\"@id\":\"https:\\\/\\\/renaud-reynek.com\\\/cs\\\/evenement-cs\\\/conference-a-lacademie-delphinalereynkuv-don-quijote\\\/#primaryimage\"},\"image\":{\"@id\":\"https:\\\/\\\/renaud-reynek.com\\\/cs\\\/evenement-cs\\\/conference-a-lacademie-delphinalereynkuv-don-quijote\\\/#primaryimage\"},\"thumbnailUrl\":\"https:\\\/\\\/renaud-reynek.com\\\/wp-content\\\/uploads\\\/2019\\\/09\\\/le-chevalier-errant-175x180-1.jpg\",\"datePublished\":\"2015-10-24T17:24:38+00:00\",\"dateModified\":\"2021-09-07T14:42:46+00:00\",\"author\":{\"@id\":\"https:\\\/\\\/renaud-reynek.com\\\/cs\\\/#\\\/schema\\\/person\\\/f8ef4f711df0813ad6725a154d286469\"},\"description\":\"Site de l'Association Romarin. D\u00e9couvrez les \u0153uvres du graveur tch\u00e8que Bohuslav Reynek et de Suzanne Renaud, po\u00e8te, son \u00e9pouse grenobloise.\",\"breadcrumb\":{\"@id\":\"https:\\\/\\\/renaud-reynek.com\\\/cs\\\/evenement-cs\\\/conference-a-lacademie-delphinalereynkuv-don-quijote\\\/#breadcrumb\"},\"inLanguage\":\"cs\",\"potentialAction\":[{\"@type\":\"ReadAction\",\"target\":[\"https:\\\/\\\/renaud-reynek.com\\\/cs\\\/evenement-cs\\\/conference-a-lacademie-delphinalereynkuv-don-quijote\\\/\"]}]},{\"@type\":\"ImageObject\",\"inLanguage\":\"cs\",\"@id\":\"https:\\\/\\\/renaud-reynek.com\\\/cs\\\/evenement-cs\\\/conference-a-lacademie-delphinalereynkuv-don-quijote\\\/#primaryimage\",\"url\":\"https:\\\/\\\/renaud-reynek.com\\\/wp-content\\\/uploads\\\/2019\\\/09\\\/le-chevalier-errant-175x180-1.jpg\",\"contentUrl\":\"https:\\\/\\\/renaud-reynek.com\\\/wp-content\\\/uploads\\\/2019\\\/09\\\/le-chevalier-errant-175x180-1.jpg\",\"width\":175,\"height\":180},{\"@type\":\"BreadcrumbList\",\"@id\":\"https:\\\/\\\/renaud-reynek.com\\\/cs\\\/evenement-cs\\\/conference-a-lacademie-delphinalereynkuv-don-quijote\\\/#breadcrumb\",\"itemListElement\":[{\"@type\":\"ListItem\",\"position\":1,\"name\":\"Accueil\",\"item\":\"https:\\\/\\\/renaud-reynek.com\\\/cs\\\/\"},{\"@type\":\"ListItem\",\"position\":2,\"name\":\"Archiv\",\"item\":\"https:\\\/\\\/renaud-reynek.com\\\/cs\\\/category\\\/archiv-cs\\\/\"},{\"@type\":\"ListItem\",\"position\":3,\"name\":\"Konference Delf\u00ednsk\u00e9 akademieReynk\u016fv Don Quijote\"}]},{\"@type\":\"WebSite\",\"@id\":\"https:\\\/\\\/renaud-reynek.com\\\/cs\\\/#website\",\"url\":\"https:\\\/\\\/renaud-reynek.com\\\/cs\\\/\",\"name\":\"Association Romarin\",\"description\":\"Les Amis de Suzanne Renaud et Bohuslav Reynek\",\"potentialAction\":[{\"@type\":\"SearchAction\",\"target\":{\"@type\":\"EntryPoint\",\"urlTemplate\":\"https:\\\/\\\/renaud-reynek.com\\\/cs\\\/?s={search_term_string}\"},\"query-input\":{\"@type\":\"PropertyValueSpecification\",\"valueRequired\":true,\"valueName\":\"search_term_string\"}}],\"inLanguage\":\"cs\"},{\"@type\":\"Person\",\"@id\":\"https:\\\/\\\/renaud-reynek.com\\\/cs\\\/#\\\/schema\\\/person\\\/f8ef4f711df0813ad6725a154d286469\",\"name\":\"Maxime\",\"image\":{\"@type\":\"ImageObject\",\"inLanguage\":\"cs\",\"@id\":\"https:\\\/\\\/secure.gravatar.com\\\/avatar\\\/25fbac11c096b2eeea38ba261ff26dca2c215fedcc7858b2da923703751f2114?s=96&d=mm&r=g\",\"url\":\"https:\\\/\\\/secure.gravatar.com\\\/avatar\\\/25fbac11c096b2eeea38ba261ff26dca2c215fedcc7858b2da923703751f2114?s=96&d=mm&r=g\",\"contentUrl\":\"https:\\\/\\\/secure.gravatar.com\\\/avatar\\\/25fbac11c096b2eeea38ba261ff26dca2c215fedcc7858b2da923703751f2114?s=96&d=mm&r=g\",\"caption\":\"Maxime\"},\"sameAs\":[\"romarin\"],\"url\":\"https:\\\/\\\/renaud-reynek.com\\\/cs\\\/author\\\/maxime\\\/\"}]}<\/script>\n<!-- \/ Yoast SEO plugin. -->","yoast_head_json":{"title":"Konference Delf\u00ednsk\u00e9 akademieReynk\u016fv Don Quijote - Association Romarin","description":"Site de l'Association Romarin. D\u00e9couvrez les \u0153uvres du graveur tch\u00e8que Bohuslav Reynek et de Suzanne Renaud, po\u00e8te, son \u00e9pouse grenobloise.","robots":{"index":"index","follow":"follow","max-snippet":"max-snippet:-1","max-image-preview":"max-image-preview:large","max-video-preview":"max-video-preview:-1"},"canonical":"https:\/\/renaud-reynek.com\/cs\/evenement-cs\/conference-a-lacademie-delphinalereynkuv-don-quijote\/","og_locale":"cs_CZ","og_type":"article","og_title":"Konference Delf\u00ednsk\u00e9 akademieReynk\u016fv Don Quijote - Association Romarin","og_description":"Site de l'Association Romarin. D\u00e9couvrez les \u0153uvres du graveur tch\u00e8que Bohuslav Reynek et de Suzanne Renaud, po\u00e8te, son \u00e9pouse grenobloise.","og_url":"https:\/\/renaud-reynek.com\/cs\/evenement-cs\/conference-a-lacademie-delphinalereynkuv-don-quijote\/","og_site_name":"Association Romarin","article_published_time":"2015-10-24T17:24:38+00:00","article_modified_time":"2021-09-07T14:42:46+00:00","og_image":[{"width":175,"height":180,"url":"https:\/\/renaud-reynek.com\/wp-content\/uploads\/2019\/09\/le-chevalier-errant-175x180-1.jpg","type":"image\/jpeg"}],"author":"Maxime","twitter_card":"summary_large_image","twitter_misc":{"Napsal(a)":"Maxime"},"schema":{"@context":"https:\/\/schema.org","@graph":[{"@type":"Article","@id":"https:\/\/renaud-reynek.com\/cs\/evenement-cs\/conference-a-lacademie-delphinalereynkuv-don-quijote\/#article","isPartOf":{"@id":"https:\/\/renaud-reynek.com\/cs\/evenement-cs\/conference-a-lacademie-delphinalereynkuv-don-quijote\/"},"author":{"name":"Maxime","@id":"https:\/\/renaud-reynek.com\/cs\/#\/schema\/person\/f8ef4f711df0813ad6725a154d286469"},"headline":"Konference Delf\u00ednsk\u00e9 akademie Reynk\u016fv Don Quijote","datePublished":"2015-10-24T17:24:38+00:00","dateModified":"2021-09-07T14:42:46+00:00","mainEntityOfPage":{"@id":"https:\/\/renaud-reynek.com\/cs\/evenement-cs\/conference-a-lacademie-delphinalereynkuv-don-quijote\/"},"wordCount":83,"commentCount":0,"image":{"@id":"https:\/\/renaud-reynek.com\/cs\/evenement-cs\/conference-a-lacademie-delphinalereynkuv-don-quijote\/#primaryimage"},"thumbnailUrl":"https:\/\/renaud-reynek.com\/wp-content\/uploads\/2019\/09\/le-chevalier-errant-175x180-1.jpg","articleSection":["Archiv","\u00c9v\u00e8nement"],"inLanguage":"cs","potentialAction":[{"@type":"CommentAction","name":"Comment","target":["https:\/\/renaud-reynek.com\/cs\/evenement-cs\/conference-a-lacademie-delphinalereynkuv-don-quijote\/#respond"]}]},{"@type":"WebPage","@id":"https:\/\/renaud-reynek.com\/cs\/evenement-cs\/conference-a-lacademie-delphinalereynkuv-don-quijote\/","url":"https:\/\/renaud-reynek.com\/cs\/evenement-cs\/conference-a-lacademie-delphinalereynkuv-don-quijote\/","name":"Konference Delf\u00ednsk\u00e9 akademie Reynk\u016fv Don Quijote - Association Romarin","isPartOf":{"@id":"https:\/\/renaud-reynek.com\/cs\/#website"},"primaryImageOfPage":{"@id":"https:\/\/renaud-reynek.com\/cs\/evenement-cs\/conference-a-lacademie-delphinalereynkuv-don-quijote\/#primaryimage"},"image":{"@id":"https:\/\/renaud-reynek.com\/cs\/evenement-cs\/conference-a-lacademie-delphinalereynkuv-don-quijote\/#primaryimage"},"thumbnailUrl":"https:\/\/renaud-reynek.com\/wp-content\/uploads\/2019\/09\/le-chevalier-errant-175x180-1.jpg","datePublished":"2015-10-24T17:24:38+00:00","dateModified":"2021-09-07T14:42:46+00:00","author":{"@id":"https:\/\/renaud-reynek.com\/cs\/#\/schema\/person\/f8ef4f711df0813ad6725a154d286469"},"description":"Site de l'Association Romarin. D\u00e9couvrez les \u0153uvres du graveur tch\u00e8que Bohuslav Reynek et de Suzanne Renaud, po\u00e8te, son \u00e9pouse grenobloise.","breadcrumb":{"@id":"https:\/\/renaud-reynek.com\/cs\/evenement-cs\/conference-a-lacademie-delphinalereynkuv-don-quijote\/#breadcrumb"},"inLanguage":"cs","potentialAction":[{"@type":"ReadAction","target":["https:\/\/renaud-reynek.com\/cs\/evenement-cs\/conference-a-lacademie-delphinalereynkuv-don-quijote\/"]}]},{"@type":"ImageObject","inLanguage":"cs","@id":"https:\/\/renaud-reynek.com\/cs\/evenement-cs\/conference-a-lacademie-delphinalereynkuv-don-quijote\/#primaryimage","url":"https:\/\/renaud-reynek.com\/wp-content\/uploads\/2019\/09\/le-chevalier-errant-175x180-1.jpg","contentUrl":"https:\/\/renaud-reynek.com\/wp-content\/uploads\/2019\/09\/le-chevalier-errant-175x180-1.jpg","width":175,"height":180},{"@type":"BreadcrumbList","@id":"https:\/\/renaud-reynek.com\/cs\/evenement-cs\/conference-a-lacademie-delphinalereynkuv-don-quijote\/#breadcrumb","itemListElement":[{"@type":"ListItem","position":1,"name":"Accueil","item":"https:\/\/renaud-reynek.com\/cs\/"},{"@type":"ListItem","position":2,"name":"Archiv","item":"https:\/\/renaud-reynek.com\/cs\/category\/archiv-cs\/"},{"@type":"ListItem","position":3,"name":"Konference Delf\u00ednsk\u00e9 akademieReynk\u016fv Don Quijote"}]},{"@type":"WebSite","@id":"https:\/\/renaud-reynek.com\/cs\/#website","url":"https:\/\/renaud-reynek.com\/cs\/","name":"Association Romarin","description":"Les Amis de Suzanne Renaud et Bohuslav Reynek","potentialAction":[{"@type":"SearchAction","target":{"@type":"EntryPoint","urlTemplate":"https:\/\/renaud-reynek.com\/cs\/?s={search_term_string}"},"query-input":{"@type":"PropertyValueSpecification","valueRequired":true,"valueName":"search_term_string"}}],"inLanguage":"cs"},{"@type":"Person","@id":"https:\/\/renaud-reynek.com\/cs\/#\/schema\/person\/f8ef4f711df0813ad6725a154d286469","name":"Maxime","image":{"@type":"ImageObject","inLanguage":"cs","@id":"https:\/\/secure.gravatar.com\/avatar\/25fbac11c096b2eeea38ba261ff26dca2c215fedcc7858b2da923703751f2114?s=96&d=mm&r=g","url":"https:\/\/secure.gravatar.com\/avatar\/25fbac11c096b2eeea38ba261ff26dca2c215fedcc7858b2da923703751f2114?s=96&d=mm&r=g","contentUrl":"https:\/\/secure.gravatar.com\/avatar\/25fbac11c096b2eeea38ba261ff26dca2c215fedcc7858b2da923703751f2114?s=96&d=mm&r=g","caption":"Maxime"},"sameAs":["romarin"],"url":"https:\/\/renaud-reynek.com\/cs\/author\/maxime\/"}]}},"_links":{"self":[{"href":"https:\/\/renaud-reynek.com\/cs\/wp-json\/wp\/v2\/posts\/7071","targetHints":{"allow":["GET"]}}],"collection":[{"href":"https:\/\/renaud-reynek.com\/cs\/wp-json\/wp\/v2\/posts"}],"about":[{"href":"https:\/\/renaud-reynek.com\/cs\/wp-json\/wp\/v2\/types\/post"}],"author":[{"embeddable":true,"href":"https:\/\/renaud-reynek.com\/cs\/wp-json\/wp\/v2\/users\/1"}],"replies":[{"embeddable":true,"href":"https:\/\/renaud-reynek.com\/cs\/wp-json\/wp\/v2\/comments?post=7071"}],"version-history":[{"count":0,"href":"https:\/\/renaud-reynek.com\/cs\/wp-json\/wp\/v2\/posts\/7071\/revisions"}],"wp:featuredmedia":[{"embeddable":true,"href":"https:\/\/renaud-reynek.com\/cs\/wp-json\/wp\/v2\/media\/3703"}],"wp:attachment":[{"href":"https:\/\/renaud-reynek.com\/cs\/wp-json\/wp\/v2\/media?parent=7071"}],"wp:term":[{"taxonomy":"category","embeddable":true,"href":"https:\/\/renaud-reynek.com\/cs\/wp-json\/wp\/v2\/categories?post=7071"},{"taxonomy":"post_tag","embeddable":true,"href":"https:\/\/renaud-reynek.com\/cs\/wp-json\/wp\/v2\/tags?post=7071"}],"curies":[{"name":"wp","href":"https:\/\/api.w.org\/{rel}","templated":true}]}}